{"id":149,"date":"2025-04-02T15:19:50","date_gmt":"2025-04-02T13:19:50","guid":{"rendered":"https:\/\/bevoelkerungsszenarien.bfs.admin.ch\/version-accessible"},"modified":"2025-04-03T15:09:47","modified_gmt":"2025-04-03T13:09:47","slug":"version-accessible","status":"publish","type":"post","link":"https:\/\/bevoelkerungsszenarien.bfs.admin.ch\/fr\/version-accessible","title":{"rendered":"Version accessible"},"content":{"rendered":"\r\n<h1 class=\"wp-block-heading\"><strong>Sc\u00e9narios de l\u2019\u00e9volution d\u00e9mographique de la Suisse 2025 \u00e0 2055<\/strong><\/h1>\r\n<h2>Les sc\u00e9narios calcul\u00e9s par l\u2019OFS en six questions et six r\u00e9ponses<\/h2>\r\n<p>&nbsp;<\/p>\r\n<h3>Sc\u00e9narios d\u00e9mographiques<\/h3>\r\n<p><strong>1. Comment la population de la Suisse \u00e9voluera-t-elle au cours des 30 prochaines ann\u00e9es?<\/strong><\/p>\r\n<p>Pr\u00e9dire l\u2019\u00e9volution de la population avec pr\u00e9cision est tout simplement impossible. Toutefois, nous pouvons <strong>la projeter<\/strong> en nous basant sur les donn\u00e9es actuelles et celles du pass\u00e9.<\/p>\r\n<p>L\u2019OFS calcule des <strong>sc\u00e9narios d\u00e9mographiques<\/strong> tous les cinq ans. <br \/>Les <strong>sc\u00e9narios 2025 \u00e0 2055<\/strong> montrent comment la taille et la composition de la population r\u00e9sidente permanente de la Suisse pourraient \u00e9voluer au cours des trois prochaines d\u00e9cennies.<\/p>\r\n<p>L\u2019OFS \u00e9tablit un sc\u00e9nario \u00abhaut\u00bb, un sc\u00e9nario \u00abbas\u00bb et un sc\u00e9nario de r\u00e9f\u00e9rence.<\/p>\r\n<p>Selon ces trois <strong>sc\u00e9narios de base<\/strong> la population <strong>continuera \u00e0 cro\u00eetre<\/strong> dans un premier temps.<\/p>\r\n<p>Selon le sc\u00e9nario <strong>\u00abbas\u00bb<\/strong>, elle diminuera \u00e0 partir de 2043.<\/p>\r\n<p>&nbsp;<\/p>\r\n<h3>Trois sc\u00e9narios de base<\/h3>\r\n<p><strong>2. Pourquoi faut-il trois sc\u00e9narios?<\/strong><\/p>\r\n<p>La fourchette entre ces trois sc\u00e9narios refl\u00e8te l\u2019\u00e9vidence que toute information statistique qui concerne l\u2019avenir est entach\u00e9e<strong> d\u2019incertitude<\/strong>.<\/p>\r\n<p>Les institutions qui basent leur planification sur ces sc\u00e9narios peuvent ainsi envisager diff\u00e9rentes \u00e9volutions.<\/p>\r\n<p>Le sc\u00e9nario \u00abhaut\u00bb combine un choix d\u2019hypoth\u00e8ses favorables \u00e0 une <strong>croissance<\/strong> <strong>d\u00e9mographique dynamique<\/strong>, \u00e0 savoir des taux de f\u00e9condit\u00e9, une esp\u00e9rance de vie et des soldes migratoires \u00e9lev\u00e9s. <br \/>Le sc\u00e9nario \u00abbas\u00bb combine les hypoth\u00e8ses qui laissent entrevoir une <strong>croissance plus<\/strong> <strong>faible<\/strong>. <br \/>Les hypoth\u00e8ses du sc\u00e9nario de r\u00e9f\u00e9rence se situent entre celles du sc\u00e9nario \u00abbas\u00bb et du sc\u00e9nario \u00abhaut\u00bb.<\/p>\r\n<p>&nbsp;<\/p>\r\n<h3>Facteurs d\u2019influence<\/h3>\r\n<p><strong>3. Quels facteurs influencent l\u2019\u00e9volution d\u00e9mographique?<\/strong><\/p>\r\n<p>L\u2019\u00e9volution est fortement influenc\u00e9e par la structure par \u00e2ge de la population actuelle. Elle d\u00e9pend en outre de la <strong>f\u00e9condit\u00e9<\/strong>, de la <strong>mortalit\u00e9<\/strong> ainsi que de<strong> l\u2019immigration<\/strong> et de <strong>l\u2019\u00e9migration<\/strong> que la Suisse conna\u00eetra \u00e0 l\u2019avenir.<\/p>\r\n<p>Selon les trois sc\u00e9narios de base, la Suisse enregistrera entre 72 000 et 108 000 <strong>naissances<\/strong> en 2055. <br \/>Quant au nombre de <strong>d\u00e9c\u00e8s<\/strong>, il passera des quelque 70 000 par an aujourd\u2019hui \u00e0 plus de 99 000, le sc\u00e9nario \u00abbas\u00bb le chiffrant m\u00eame \u00e0 plus de 110 000 par an.<\/p>\r\n<p>Le nombre annuel de d\u00e9c\u00e8s d\u00e9passera donc bient\u00f4t celui des naissances.<\/p>\r\n<p>Quant \u00e0 la <strong>migration<\/strong>, elle joue un r\u00f4le central: selon les trois sc\u00e9narios le nombre de personnes entrant en Suisse restera sup\u00e9rieur \u00e0 celui des personnes qui la quittent.<\/p>\r\n<p>Compte tenu du vieillissement de la population en Europe et de la concurrence accrue pour attirer les jeunes travailleurs, le <strong>solde migratoire<\/strong> devrait diminuer quelque peu d\u2019ici une dizaine d\u2019ann\u00e9es.<\/p>\r\n<p>&nbsp;<\/p>\r\n<h3>Vieillissement de la population<\/h3>\r\n<p><strong>4. La proportion de personnes \u00e2g\u00e9es continuera-t-elle d\u2019augmenter?<\/strong><\/p>\r\n<p>Oui, les trois sc\u00e9narios de base indiquent que le <strong>vieillissement de la population<\/strong> se poursuivra, voire s\u2019acc\u00e9l\u00e9rera.<\/p>\r\n<p>Dans les trois sc\u00e9narios, le groupe des 65 ans ou plus occupera une place toujours plus grande par rapport \u00e0 la population en \u00e2ge de travailler.<\/p>\r\n<p>En effet, les g\u00e9n\u00e9rations du baby-boom atteignent peu \u00e0 peu un \u00e2ge avanc\u00e9.<\/p>\r\n<p>&nbsp;<\/p>\r\n<h3>\u00c9tablissement des sc\u00e9narios<\/h3>\r\n<p><strong>5. Comment \u00e9labore-t-on les sc\u00e9narios d\u00e9mographiques?<\/strong><\/p>\r\n<p>La projection repose sur la <strong>statistique<\/strong> de la population et des m\u00e9nages (STATPOP) ainsi que sur celle du mouvement naturel de la population (BEVNAT), qui montrent comment et pourquoi la population a chang\u00e9 par le pass\u00e9.<\/p>\r\n<p>Sur la base de ces informations, on \u00e9met des <strong>hypoth\u00e8ses<\/strong> quant \u00e0 son \u00e9volution future. Ce travail est r\u00e9alis\u00e9 en collaboration avec des <strong>sp\u00e9cialistes<\/strong> issus de la recherche et des institutions f\u00e9d\u00e9rales et cantonales. <br \/>Ces sp\u00e9cialistes connaissent tr\u00e8s bien l\u2019\u00e9volution d\u00e9mographique et sont donc \u00e0 m\u00eame de se prononcer sur ses tendances futures les plus vraisemblables.<\/p>\r\n<p>Sur la base des valeurs observ\u00e9es et des hypoth\u00e8ses formul\u00e9es par les sp\u00e9cialistes, on \u00e9labore des <strong>mod\u00e8les<\/strong> de l\u2019\u00e9volution future de la f\u00e9condit\u00e9, de la mortalit\u00e9 et des migrations. Ce sont les mod\u00e8les ainsi d\u00e9velopp\u00e9s qui permettent de calculer les sc\u00e9narios d\u00e9mographiques de la Suisse.<\/p>\r\n<p>&nbsp;<\/p>\r\n<h3>Fiabilit\u00e9 des sc\u00e9narios<\/h3>\r\n<p><strong>6. La population pourrait-elle \u00e9voluer tout autrement?<\/strong><\/p>\r\n<p><strong>Aujourd\u2019hui, il para\u00eet peu plausible<\/strong> que l\u2019\u00e9volution des prochaines ann\u00e9es soit sup\u00e9rieure au sc\u00e9nario \u00abhaut\u00bb ou inf\u00e9rieure au sc\u00e9nario \u00abbas\u00bb. <br \/>Les sc\u00e9narios constituent une bonne estimation si les hypoth\u00e8ses relatives au contexte socio\u00e9conomique se v\u00e9rifient, autrement dit si elles correspondent \u00e0 l\u2019\u00e9volution future effective. <br \/>Si ce n\u2019est pas le cas, l\u2019\u00e9volution peut se situer en dehors de la <strong>fourchette de projection<\/strong>.<br \/>La derni\u00e8re s\u00e9rie de sc\u00e9narios d\u00e9mographiques (2020 \u00e0 2050) a plut\u00f4t bien anticip\u00e9 l\u2019\u00e9volution entre 2020 et 2023.<\/p>\r\n<p>Reste que des \u00e9v\u00e9nements impr\u00e9visibles peuvent influencer l\u2019\u00e9volution de la population. Ce fut le cas de la pand\u00e9mie de COVID-19, qui a d\u2019abord entra\u00een\u00e9 une \u00e9volution inf\u00e9rieure au sc\u00e9nario de r\u00e9f\u00e9rence&#8230;<\/p>\r\n<p>&#8230; mais aussi de l\u2019arriv\u00e9e de r\u00e9fugi\u00e9s en provenance d\u2019Ukraine et de l\u2019immigration de nature \u00e9conomique en provenance de pays europ\u00e9ens, qui ont entra\u00een\u00e9 une hausse et un d\u00e9passement du sc\u00e9nario de r\u00e9f\u00e9rence.<\/p>\r\n<p>L\u2019avenir nous dira \u00e0 quel point l\u2019\u00e9volution effective est proche de la nouvelle s\u00e9rie de sc\u00e9narios!<\/p>\r\n","protected":false},"excerpt":{"rendered":"<p>Sc\u00e9narios de l\u2019\u00e9volution d\u00e9mographique de la Suisse 2025 \u00e0 2055 Les sc\u00e9narios calcul\u00e9s par l\u2019OFS en six questions et six r\u00e9ponses &nbsp; Sc\u00e9narios d\u00e9mographiques 1. Comment<span class=\"excerpt-hellip\"> [\u2026]<\/span><\/p>\n","protected":false},"author":1,"featured_media":0,"comment_status":"open","ping_status":"closed","sticky":false,"template":"","format":"standard","meta":{"footnotes":""},"categories":[2],"tags":[],"class_list":["post-149","post","type-post","status-publish","format-standard","hentry","category-non-categorise"],"yoast_head":"<!-- This site is optimized with the Yoast SEO plugin v27.4 - https:\/\/yoast.com\/product\/yoast-seo-wordpress\/ -->\n<title>Version accessible - Sc\u00e9narios de l\u2019\u00e9volution d\u00e9mographique de la Suisse 2025 \u00e0 2055<\/title>\n<meta name=\"robots\" content=\"index, follow, max-snippet:-1, max-image-preview:large, max-video-preview:-1\" \/>\n<link rel=\"canonical\" href=\"https:\/\/bevoelkerungsszenarien.bfs.admin.ch\/fr\/version-accessible\" \/>\n<meta property=\"og:locale\" content=\"fr_FR\" \/>\n<meta property=\"og:type\" content=\"article\" \/>\n<meta property=\"og:title\" content=\"Version accessible - Sc\u00e9narios de l\u2019\u00e9volution d\u00e9mographique de la Suisse 2025 \u00e0 2055\" \/>\n<meta property=\"og:description\" content=\"Sc\u00e9narios de l\u2019\u00e9volution d\u00e9mographique de la Suisse 2025 \u00e0 2055 Les sc\u00e9narios calcul\u00e9s par l\u2019OFS en six questions et six r\u00e9ponses &nbsp; Sc\u00e9narios d\u00e9mographiques 1. Comment [\u2026]\" \/>\n<meta property=\"og:url\" content=\"https:\/\/bevoelkerungsszenarien.bfs.admin.ch\/fr\/version-accessible\" \/>\n<meta property=\"og:site_name\" content=\"Sc\u00e9narios de l\u2019\u00e9volution d\u00e9mographique de la Suisse 2025 \u00e0 2055\" \/>\n<meta property=\"article:published_time\" content=\"2025-04-02T13:19:50+00:00\" \/>\n<meta property=\"article:modified_time\" content=\"2025-04-03T13:09:47+00:00\" \/>\n<meta property=\"og:image\" content=\"https:\/\/bevoelkerungsszenarien.bfs.admin.ch\/wp-content\/uploads\/2025\/04\/szenarien-socialmedia-thumbnail-1200px.png\" \/>\n\t<meta property=\"og:image:width\" content=\"1200\" \/>\n\t<meta property=\"og:image:height\" content=\"1200\" \/>\n\t<meta property=\"og:image:type\" content=\"image\/png\" \/>\n<meta name=\"author\" content=\"admin\" \/>\n<meta name=\"twitter:card\" content=\"summary_large_image\" \/>\n<meta name=\"twitter:label1\" content=\"\u00c9crit par\" \/>\n\t<meta name=\"twitter:data1\" content=\"admin\" \/>\n\t<meta name=\"twitter:label2\" content=\"Dur\u00e9e de lecture estim\u00e9e\" \/>\n\t<meta name=\"twitter:data2\" content=\"5 minutes\" \/>\n<script type=\"application\/ld+json\" class=\"yoast-schema-graph\">{\"@context\":\"https:\\\/\\\/schema.org\",\"@graph\":[{\"@type\":\"Article\",\"@id\":\"https:\\\/\\\/bevoelkerungsszenarien.bfs.admin.ch\\\/fr\\\/version-accessible#article\",\"isPartOf\":{\"@id\":\"https:\\\/\\\/bevoelkerungsszenarien.bfs.admin.ch\\\/fr\\\/version-accessible\"},\"author\":{\"name\":\"admin\",\"@id\":\"https:\\\/\\\/bevoelkerungsszenarien.bfs.admin.ch\\\/#\\\/schema\\\/person\\\/81c5fa67631d08ab556cbf3ca0dc0294\"},\"headline\":\"Version accessible\",\"datePublished\":\"2025-04-02T13:19:50+00:00\",\"dateModified\":\"2025-04-03T13:09:47+00:00\",\"mainEntityOfPage\":{\"@id\":\"https:\\\/\\\/bevoelkerungsszenarien.bfs.admin.ch\\\/fr\\\/version-accessible\"},\"wordCount\":910,\"commentCount\":0,\"articleSection\":[\"Non cat\u00e9goris\u00e9\"],\"inLanguage\":\"fr-FR\",\"potentialAction\":[{\"@type\":\"CommentAction\",\"name\":\"Comment\",\"target\":[\"https:\\\/\\\/bevoelkerungsszenarien.bfs.admin.ch\\\/fr\\\/version-accessible#respond\"]}]},{\"@type\":\"WebPage\",\"@id\":\"https:\\\/\\\/bevoelkerungsszenarien.bfs.admin.ch\\\/fr\\\/version-accessible\",\"url\":\"https:\\\/\\\/bevoelkerungsszenarien.bfs.admin.ch\\\/fr\\\/version-accessible\",\"name\":\"Version accessible - Sc\u00e9narios de l\u2019\u00e9volution d\u00e9mographique de la Suisse 2025 \u00e0 2055\",\"isPartOf\":{\"@id\":\"https:\\\/\\\/bevoelkerungsszenarien.bfs.admin.ch\\\/#website\"},\"datePublished\":\"2025-04-02T13:19:50+00:00\",\"dateModified\":\"2025-04-03T13:09:47+00:00\",\"author\":{\"@id\":\"https:\\\/\\\/bevoelkerungsszenarien.bfs.admin.ch\\\/#\\\/schema\\\/person\\\/81c5fa67631d08ab556cbf3ca0dc0294\"},\"breadcrumb\":{\"@id\":\"https:\\\/\\\/bevoelkerungsszenarien.bfs.admin.ch\\\/fr\\\/version-accessible#breadcrumb\"},\"inLanguage\":\"fr-FR\",\"potentialAction\":[{\"@type\":\"ReadAction\",\"target\":[\"https:\\\/\\\/bevoelkerungsszenarien.bfs.admin.ch\\\/fr\\\/version-accessible\"]}]},{\"@type\":\"BreadcrumbList\",\"@id\":\"https:\\\/\\\/bevoelkerungsszenarien.bfs.admin.ch\\\/fr\\\/version-accessible#breadcrumb\",\"itemListElement\":[{\"@type\":\"ListItem\",\"position\":1,\"name\":\"Home\",\"item\":\"https:\\\/\\\/bevoelkerungsszenarien.bfs.admin.ch\\\/fr\"},{\"@type\":\"ListItem\",\"position\":2,\"name\":\"Version accessible\"}]},{\"@type\":\"WebSite\",\"@id\":\"https:\\\/\\\/bevoelkerungsszenarien.bfs.admin.ch\\\/#website\",\"url\":\"https:\\\/\\\/bevoelkerungsszenarien.bfs.admin.ch\\\/\",\"name\":\"Sc\u00e9narios de l\u2019\u00e9volution d\u00e9mographique de la Suisse 2025 \u00e0 2055\",\"description\":\"\",\"potentialAction\":[{\"@type\":\"SearchAction\",\"target\":{\"@type\":\"EntryPoint\",\"urlTemplate\":\"https:\\\/\\\/bevoelkerungsszenarien.bfs.admin.ch\\\/?s={search_term_string}\"},\"query-input\":{\"@type\":\"PropertyValueSpecification\",\"valueRequired\":true,\"valueName\":\"search_term_string\"}}],\"inLanguage\":\"fr-FR\"},{\"@type\":\"Person\",\"@id\":\"https:\\\/\\\/bevoelkerungsszenarien.bfs.admin.ch\\\/#\\\/schema\\\/person\\\/81c5fa67631d08ab556cbf3ca0dc0294\",\"name\":\"admin\",\"image\":{\"@type\":\"ImageObject\",\"inLanguage\":\"fr-FR\",\"@id\":\"https:\\\/\\\/secure.gravatar.com\\\/avatar\\\/4df2338e104732f5a2013b18d5d7f5ce7b194d5b743057cc26383c7c66ce5e0a?s=96&d=mm&r=g\",\"url\":\"https:\\\/\\\/secure.gravatar.com\\\/avatar\\\/4df2338e104732f5a2013b18d5d7f5ce7b194d5b743057cc26383c7c66ce5e0a?s=96&d=mm&r=g\",\"contentUrl\":\"https:\\\/\\\/secure.gravatar.com\\\/avatar\\\/4df2338e104732f5a2013b18d5d7f5ce7b194d5b743057cc26383c7c66ce5e0a?s=96&d=mm&r=g\",\"caption\":\"admin\"},\"sameAs\":[\"https:\\\/\\\/bevoelkerungsszenarien.bfs.admin.ch\"],\"url\":\"https:\\\/\\\/bevoelkerungsszenarien.bfs.admin.ch\\\/fr\\\/author\\\/ah_teicpk5y\"}]}<\/script>\n<!-- \/ Yoast SEO plugin. -->","yoast_head_json":{"title":"Version accessible - Sc\u00e9narios de l\u2019\u00e9volution d\u00e9mographique de la Suisse 2025 \u00e0 2055","robots":{"index":"index","follow":"follow","max-snippet":"max-snippet:-1","max-image-preview":"max-image-preview:large","max-video-preview":"max-video-preview:-1"},"canonical":"https:\/\/bevoelkerungsszenarien.bfs.admin.ch\/fr\/version-accessible","og_locale":"fr_FR","og_type":"article","og_title":"Version accessible - Sc\u00e9narios de l\u2019\u00e9volution d\u00e9mographique de la Suisse 2025 \u00e0 2055","og_description":"Sc\u00e9narios de l\u2019\u00e9volution d\u00e9mographique de la Suisse 2025 \u00e0 2055 Les sc\u00e9narios calcul\u00e9s par l\u2019OFS en six questions et six r\u00e9ponses &nbsp; Sc\u00e9narios d\u00e9mographiques 1. Comment [\u2026]","og_url":"https:\/\/bevoelkerungsszenarien.bfs.admin.ch\/fr\/version-accessible","og_site_name":"Sc\u00e9narios de l\u2019\u00e9volution d\u00e9mographique de la Suisse 2025 \u00e0 2055","article_published_time":"2025-04-02T13:19:50+00:00","article_modified_time":"2025-04-03T13:09:47+00:00","og_image":[{"width":1200,"height":1200,"url":"https:\/\/bevoelkerungsszenarien.bfs.admin.ch\/wp-content\/uploads\/2025\/04\/szenarien-socialmedia-thumbnail-1200px.png","type":"image\/png"}],"author":"admin","twitter_card":"summary_large_image","twitter_misc":{"\u00c9crit par":"admin","Dur\u00e9e de lecture estim\u00e9e":"5 minutes"},"schema":{"@context":"https:\/\/schema.org","@graph":[{"@type":"Article","@id":"https:\/\/bevoelkerungsszenarien.bfs.admin.ch\/fr\/version-accessible#article","isPartOf":{"@id":"https:\/\/bevoelkerungsszenarien.bfs.admin.ch\/fr\/version-accessible"},"author":{"name":"admin","@id":"https:\/\/bevoelkerungsszenarien.bfs.admin.ch\/#\/schema\/person\/81c5fa67631d08ab556cbf3ca0dc0294"},"headline":"Version accessible","datePublished":"2025-04-02T13:19:50+00:00","dateModified":"2025-04-03T13:09:47+00:00","mainEntityOfPage":{"@id":"https:\/\/bevoelkerungsszenarien.bfs.admin.ch\/fr\/version-accessible"},"wordCount":910,"commentCount":0,"articleSection":["Non cat\u00e9goris\u00e9"],"inLanguage":"fr-FR","potentialAction":[{"@type":"CommentAction","name":"Comment","target":["https:\/\/bevoelkerungsszenarien.bfs.admin.ch\/fr\/version-accessible#respond"]}]},{"@type":"WebPage","@id":"https:\/\/bevoelkerungsszenarien.bfs.admin.ch\/fr\/version-accessible","url":"https:\/\/bevoelkerungsszenarien.bfs.admin.ch\/fr\/version-accessible","name":"Version accessible - Sc\u00e9narios de l\u2019\u00e9volution d\u00e9mographique de la Suisse 2025 \u00e0 2055","isPartOf":{"@id":"https:\/\/bevoelkerungsszenarien.bfs.admin.ch\/#website"},"datePublished":"2025-04-02T13:19:50+00:00","dateModified":"2025-04-03T13:09:47+00:00","author":{"@id":"https:\/\/bevoelkerungsszenarien.bfs.admin.ch\/#\/schema\/person\/81c5fa67631d08ab556cbf3ca0dc0294"},"breadcrumb":{"@id":"https:\/\/bevoelkerungsszenarien.bfs.admin.ch\/fr\/version-accessible#breadcrumb"},"inLanguage":"fr-FR","potentialAction":[{"@type":"ReadAction","target":["https:\/\/bevoelkerungsszenarien.bfs.admin.ch\/fr\/version-accessible"]}]},{"@type":"BreadcrumbList","@id":"https:\/\/bevoelkerungsszenarien.bfs.admin.ch\/fr\/version-accessible#breadcrumb","itemListElement":[{"@type":"ListItem","position":1,"name":"Home","item":"https:\/\/bevoelkerungsszenarien.bfs.admin.ch\/fr"},{"@type":"ListItem","position":2,"name":"Version accessible"}]},{"@type":"WebSite","@id":"https:\/\/bevoelkerungsszenarien.bfs.admin.ch\/#website","url":"https:\/\/bevoelkerungsszenarien.bfs.admin.ch\/","name":"Sc\u00e9narios de l\u2019\u00e9volution d\u00e9mographique de la Suisse 2025 \u00e0 2055","description":"","potentialAction":[{"@type":"SearchAction","target":{"@type":"EntryPoint","urlTemplate":"https:\/\/bevoelkerungsszenarien.bfs.admin.ch\/?s={search_term_string}"},"query-input":{"@type":"PropertyValueSpecification","valueRequired":true,"valueName":"search_term_string"}}],"inLanguage":"fr-FR"},{"@type":"Person","@id":"https:\/\/bevoelkerungsszenarien.bfs.admin.ch\/#\/schema\/person\/81c5fa67631d08ab556cbf3ca0dc0294","name":"admin","image":{"@type":"ImageObject","inLanguage":"fr-FR","@id":"https:\/\/secure.gravatar.com\/avatar\/4df2338e104732f5a2013b18d5d7f5ce7b194d5b743057cc26383c7c66ce5e0a?s=96&d=mm&r=g","url":"https:\/\/secure.gravatar.com\/avatar\/4df2338e104732f5a2013b18d5d7f5ce7b194d5b743057cc26383c7c66ce5e0a?s=96&d=mm&r=g","contentUrl":"https:\/\/secure.gravatar.com\/avatar\/4df2338e104732f5a2013b18d5d7f5ce7b194d5b743057cc26383c7c66ce5e0a?s=96&d=mm&r=g","caption":"admin"},"sameAs":["https:\/\/bevoelkerungsszenarien.bfs.admin.ch"],"url":"https:\/\/bevoelkerungsszenarien.bfs.admin.ch\/fr\/author\/ah_teicpk5y"}]}},"_links":{"self":[{"href":"https:\/\/bevoelkerungsszenarien.bfs.admin.ch\/fr\/wp-json\/wp\/v2\/posts\/149","targetHints":{"allow":["GET"]}}],"collection":[{"href":"https:\/\/bevoelkerungsszenarien.bfs.admin.ch\/fr\/wp-json\/wp\/v2\/posts"}],"about":[{"href":"https:\/\/bevoelkerungsszenarien.bfs.admin.ch\/fr\/wp-json\/wp\/v2\/types\/post"}],"author":[{"embeddable":true,"href":"https:\/\/bevoelkerungsszenarien.bfs.admin.ch\/fr\/wp-json\/wp\/v2\/users\/1"}],"replies":[{"embeddable":true,"href":"https:\/\/bevoelkerungsszenarien.bfs.admin.ch\/fr\/wp-json\/wp\/v2\/comments?post=149"}],"version-history":[{"count":7,"href":"https:\/\/bevoelkerungsszenarien.bfs.admin.ch\/fr\/wp-json\/wp\/v2\/posts\/149\/revisions"}],"predecessor-version":[{"id":159,"href":"https:\/\/bevoelkerungsszenarien.bfs.admin.ch\/fr\/wp-json\/wp\/v2\/posts\/149\/revisions\/159"}],"wp:attachment":[{"href":"https:\/\/bevoelkerungsszenarien.bfs.admin.ch\/fr\/wp-json\/wp\/v2\/media?parent=149"}],"wp:term":[{"taxonomy":"category","embeddable":true,"href":"https:\/\/bevoelkerungsszenarien.bfs.admin.ch\/fr\/wp-json\/wp\/v2\/categories?post=149"},{"taxonomy":"post_tag","embeddable":true,"href":"https:\/\/bevoelkerungsszenarien.bfs.admin.ch\/fr\/wp-json\/wp\/v2\/tags?post=149"}],"curies":[{"name":"wp","href":"https:\/\/api.w.org\/{rel}","templated":true}]}}